{"id":11811,"date":"2026-07-07T08:00:00","date_gmt":"2026-07-07T06:00:00","guid":{"rendered":"https:\/\/sintesi.cat\/cuando-la-crisis-no-es-lo-que-sucede-sino-como-se-interpreta\/"},"modified":"2026-07-04T13:01:44","modified_gmt":"2026-07-04T11:01:44","slug":"cuando-la-crisis-no-es-lo-que-sucede-sino-como-se-interpreta","status":"publish","type":"post","link":"https:\/\/sintesi.cat\/es\/cuando-la-crisis-no-es-lo-que-sucede-sino-como-se-interpreta\/","title":{"rendered":"Cuando la crisis no es lo que sucede, sino c\u00f3mo se interpreta"},"content":{"rendered":"\n<p class=\"wp-block-paragraph\">Comunicar no es explicar mejor los hechos. El verdadero reto es conseguir que los hechos sean interpretados en el marco adecuado. Una organizaci\u00f3n puede actuar bien, ser transparente y responder con rigor, pero si el relato que circula a su alrededor es de sospecha, opacidad o desconfianza, la percepci\u00f3n p\u00fablica puede terminar pesando m\u00e1s que la realidad.<\/p>\n\n\n\n<p class=\"wp-block-paragraph\">La Asociaci\u00f3n Espa\u00f1ola de Fundraising (AEFr) as\u00ed lo constata en un estudio que acaba de publicar sobre los aprendizajes del tercer sector a ra\u00edz de la DANA. Entre las conclusiones, aseguran que en contextos de emergencia no solo hay una crisis operativa; tambi\u00e9n se abre una crisis informativa. Circulan im\u00e1genes fuera de contexto, rumores, acusaciones, lecturas simplificadas y relatos que cuestionan la legitimidad de las organizaciones. Lo vimos en la DANA y&nbsp;<a href=\"https:\/\/www.correodelorinoco.gob.ve\/equipo-de-rescate-espanol-desmiente-negativa-de-entrada-a-venezuela\/\">lo estamos viendo estos d\u00edas con Venezuela<\/a>.<\/p>\n\n\n\n<p class=\"wp-block-paragraph\">Lo m\u00e1s preocupante es que muchos de estos mensajes no funcionan por ser especialmente sofisticados, sino porque conectan con marcos mentales previos: \u201clas ONG no son transparentes\u201d, \u201cla solidaridad organizada es ineficiente\u201d, \u201cmejor ayudar directamente que confiar en una entidad\u201d.<\/p>\n\n\n\n<p class=\"wp-block-paragraph\">Los bulos no siempre crean la desconfianza, a menudo solo la activan. Por eso, desmentir es necesario, pero no suficiente. Si una organizaci\u00f3n solo responde cuando estalla la pol\u00e9mica, llega tarde. La comunicaci\u00f3n reputacional no puede limitarse a corregir informaciones falsas; ha de construir antes el marco desde el que queremos que se entienda lo que hacemos, por qu\u00e9 lo hacemos y c\u00f3mo tomamos decisiones.<\/p>\n\n\n\n<p class=\"wp-block-paragraph\">La transparencia, en este contexto, deja de ser solo rendici\u00f3n de cuentas y se convierte en pedagog\u00eda. Publicar informes, memorias o datos no es suficiente. Hay que traducirlos en mensajes comprensibles, anticipar preguntas dif\u00edciles, explicar los criterios de decisi\u00f3n y hacer visible la complejidad sin refugiarse en tecnicismos. Cuando una organizaci\u00f3n explica con antelaci\u00f3n c\u00f3mo funciona, c\u00f3mo prioriza, c\u00f3mo gestiona recursos o qu\u00e9 l\u00edmites tiene, est\u00e1 proporcionando a la ciudadan\u00eda las claves para interpretar mejor futuras decisiones.<\/p>\n\n\n\n<p class=\"wp-block-paragraph\">Tambi\u00e9n existe una segunda implicaci\u00f3n para los equipos de comunicaci\u00f3n, que desde S\u00edntesi reiteramos siempre en los planes de crisis: hay que preparar la crisis antes de la crisis. Esto quiere decir disponer de protocolos, portavoces formados, mensajes base, circuitos internos de decisi\u00f3n, canales alineados y mecanismos de monitorizaci\u00f3n. Pero tambi\u00e9n quiere decir cultivar relaciones con medios, verificadores, aliados institucionales, comunidades y p\u00fablicos propios. En momentos de ruido, una organizaci\u00f3n dif\u00edcilmente podr\u00e1 defender sola su relato si antes no ha construido una red de confianza.<\/p>\n\n\n\n<p class=\"wp-block-paragraph\">Para los Dircoms, el reto es pasar de una comunicaci\u00f3n reactiva a una comunicaci\u00f3n interpretativa. No se trata solo de decir qu\u00e9 ha pasado, sino de ayudar a los p\u00fablicos a entenderlo bien. No se trata solo de responder a una acusaci\u00f3n, sino de decidir si se debe responder, con qu\u00e9 tono, en qu\u00e9 canal y con qu\u00e9 objetivo. Y no se trata tan solo de proteger la reputaci\u00f3n, sino de preservar la legitimidad de la organizaci\u00f3n para seguir actuando.<\/p>\n\n\n\n<p class=\"wp-block-paragraph\">La gran pregunta no es si una organizaci\u00f3n est\u00e1 preparada para explicar los hechos. La pregunta es si ha trabajado lo suficiente para que, cuando llegue la crisis, estos hechos no sean le\u00eddos desde el marco de otro. Porque hoy la reputaci\u00f3n ya no depende solo de lo que hacemos, sino del relato que conseguimos construir para que aquello que hacemos sea entendido, cre\u00eddo y valorado.<\/p>\n","protected":false},"excerpt":{"rendered":"<p>Comunicar no es explicar mejor los hechos. El verdadero reto es conseguir que los hechos sean interpretados en el marco adecuado. Una organizaci\u00f3n puede actuar bien, ser transparente y responder con rigor, pero si el relato que circula a su alrededor es de sospecha, opacidad o desconfianza, la percepci\u00f3n p\u00fablica puede terminar pesando m\u00e1s que [&hellip;]<\/p>\n","protected":false},"author":18,"featured_media":11806,"comment_status":"open","ping_status":"open","sticky":false,"template":"","format":"standard","meta":{"_acf_changed":false,"_et_pb_use_builder":"off","_et_pb_old_content":"","_et_gb_content_width":"","footnotes":""},"categories":[873,20,14],"tags":[538,377,1073,1075],"class_list":["post-11811","post","type-post","status-publish","format-standard","has-post-thumbnail","hentry","category-blog-es","category-comunicacion","category-general-es","tag-crisis-es-3","tag-reputacion-es","tag-venecuela","tag-venezuela"],"acf":[],"yoast_head":"<!-- This site is optimized with the Yoast SEO plugin v28.1 - https:\/\/yoast.com\/product\/yoast-seo-wordpress\/ -->\n<title>Cuando la crisis no es lo que sucede, sino c\u00f3mo se interpreta - S\u00edntesi<\/title>\n<meta name=\"description\" content=\"El reto es pasar de una comunicaci\u00f3n reactiva a otra interpretativa. No se trata de responder a una acusaci\u00f3n, sino de ayudar a entenderlo.\" \/>\n<meta name=\"robots\" content=\"index, follow, max-snippet:-1, max-image-preview:large, max-video-preview:-1\" \/>\n<link rel=\"canonical\" href=\"https:\/\/sintesi.cat\/es\/cuando-la-crisis-no-es-lo-que-sucede-sino-como-se-interpreta\/\" \/>\n<meta property=\"og:locale\" content=\"es_ES\" \/>\n<meta property=\"og:type\" content=\"article\" \/>\n<meta property=\"og:title\" content=\"Cuando la crisis no es lo que sucede, sino c\u00f3mo se interpreta - S\u00edntesi\" \/>\n<meta property=\"og:description\" content=\"El reto es pasar de una comunicaci\u00f3n reactiva a otra interpretativa. No se trata de responder a una acusaci\u00f3n, sino de ayudar a entenderlo.\" \/>\n<meta property=\"og:url\" content=\"https:\/\/sintesi.cat\/es\/cuando-la-crisis-no-es-lo-que-sucede-sino-como-se-interpreta\/\" \/>\n<meta property=\"og:site_name\" content=\"S\u00edntesi\" \/>\n<meta property=\"article:published_time\" content=\"2026-07-07T06:00:00+00:00\" \/>\n<meta property=\"og:image\" content=\"https:\/\/sintesi.cat\/wp-content\/uploads\/2026\/07\/260707_Manel-e1783096235742.jpg\" \/>\n\t<meta property=\"og:image:width\" content=\"1048\" \/>\n\t<meta property=\"og:image:height\" content=\"590\" \/>\n\t<meta property=\"og:image:type\" content=\"image\/jpeg\" \/>\n<meta name=\"author\" content=\"Manel Gast\u00f3\" \/>\n<meta name=\"twitter:card\" content=\"summary_large_image\" \/>\n<meta name=\"twitter:creator\" content=\"@ecsintesi\" \/>\n<meta name=\"twitter:site\" content=\"@ecsintesi\" \/>\n<meta name=\"twitter:label1\" content=\"Escrito por\" \/>\n\t<meta name=\"twitter:data1\" content=\"Manel Gast\u00f3\" \/>\n\t<meta name=\"twitter:label2\" content=\"Tiempo de lectura\" \/>\n\t<meta name=\"twitter:data2\" content=\"4 minutos\" \/>\n<script type=\"application\/ld+json\" class=\"yoast-schema-graph\">{\"@context\":\"https:\\\/\\\/schema.org\",\"@graph\":[{\"@type\":\"Article\",\"@id\":\"https:\\\/\\\/sintesi.cat\\\/es\\\/cuando-la-crisis-no-es-lo-que-sucede-sino-como-se-interpreta\\\/#article\",\"isPartOf\":{\"@id\":\"https:\\\/\\\/sintesi.cat\\\/es\\\/cuando-la-crisis-no-es-lo-que-sucede-sino-como-se-interpreta\\\/\"},\"author\":{\"name\":\"Manel Gast\u00f3\",\"@id\":\"https:\\\/\\\/sintesi.cat\\\/es\\\/#\\\/schema\\\/person\\\/ff7086f6d37345aab1bfbb5b0d6ef57f\"},\"headline\":\"Cuando la crisis no es lo que sucede, sino c\u00f3mo se interpreta\",\"datePublished\":\"2026-07-07T06:00:00+00:00\",\"mainEntityOfPage\":{\"@id\":\"https:\\\/\\\/sintesi.cat\\\/es\\\/cuando-la-crisis-no-es-lo-que-sucede-sino-como-se-interpreta\\\/\"},\"wordCount\":609,\"commentCount\":0,\"publisher\":{\"@id\":\"https:\\\/\\\/sintesi.cat\\\/es\\\/#organization\"},\"image\":{\"@id\":\"https:\\\/\\\/sintesi.cat\\\/es\\\/cuando-la-crisis-no-es-lo-que-sucede-sino-como-se-interpreta\\\/#primaryimage\"},\"thumbnailUrl\":\"https:\\\/\\\/sintesi.cat\\\/wp-content\\\/uploads\\\/2026\\\/07\\\/260707_Manel-e1783096235742.jpg\",\"keywords\":[\"crisis\",\"Reputaci\u00f3n\",\"Vene\u00e7uela\",\"Venezuela\"],\"articleSection\":[\"Blog\",\"Comunicaci\u00f3n\",\"General\"],\"inLanguage\":\"es\",\"potentialAction\":[{\"@type\":\"CommentAction\",\"name\":\"Comment\",\"target\":[\"https:\\\/\\\/sintesi.cat\\\/es\\\/cuando-la-crisis-no-es-lo-que-sucede-sino-como-se-interpreta\\\/#respond\"]}]},{\"@type\":\"WebPage\",\"@id\":\"https:\\\/\\\/sintesi.cat\\\/es\\\/cuando-la-crisis-no-es-lo-que-sucede-sino-como-se-interpreta\\\/\",\"url\":\"https:\\\/\\\/sintesi.cat\\\/es\\\/cuando-la-crisis-no-es-lo-que-sucede-sino-como-se-interpreta\\\/\",\"name\":\"Cuando la crisis no es lo que sucede, sino c\u00f3mo se interpreta - S\u00edntesi\",\"isPartOf\":{\"@id\":\"https:\\\/\\\/sintesi.cat\\\/es\\\/#website\"},\"primaryImageOfPage\":{\"@id\":\"https:\\\/\\\/sintesi.cat\\\/es\\\/cuando-la-crisis-no-es-lo-que-sucede-sino-como-se-interpreta\\\/#primaryimage\"},\"image\":{\"@id\":\"https:\\\/\\\/sintesi.cat\\\/es\\\/cuando-la-crisis-no-es-lo-que-sucede-sino-como-se-interpreta\\\/#primaryimage\"},\"thumbnailUrl\":\"https:\\\/\\\/sintesi.cat\\\/wp-content\\\/uploads\\\/2026\\\/07\\\/260707_Manel-e1783096235742.jpg\",\"datePublished\":\"2026-07-07T06:00:00+00:00\",\"description\":\"El reto es pasar de una comunicaci\u00f3n reactiva a otra interpretativa. No se trata de responder a una acusaci\u00f3n, sino de ayudar a entenderlo.\",\"breadcrumb\":{\"@id\":\"https:\\\/\\\/sintesi.cat\\\/es\\\/cuando-la-crisis-no-es-lo-que-sucede-sino-como-se-interpreta\\\/#breadcrumb\"},\"inLanguage\":\"es\",\"potentialAction\":[{\"@type\":\"ReadAction\",\"target\":[\"https:\\\/\\\/sintesi.cat\\\/es\\\/cuando-la-crisis-no-es-lo-que-sucede-sino-como-se-interpreta\\\/\"]}]},{\"@type\":\"ImageObject\",\"inLanguage\":\"es\",\"@id\":\"https:\\\/\\\/sintesi.cat\\\/es\\\/cuando-la-crisis-no-es-lo-que-sucede-sino-como-se-interpreta\\\/#primaryimage\",\"url\":\"https:\\\/\\\/sintesi.cat\\\/wp-content\\\/uploads\\\/2026\\\/07\\\/260707_Manel-e1783096235742.jpg\",\"contentUrl\":\"https:\\\/\\\/sintesi.cat\\\/wp-content\\\/uploads\\\/2026\\\/07\\\/260707_Manel-e1783096235742.jpg\",\"width\":1048,\"height\":590},{\"@type\":\"BreadcrumbList\",\"@id\":\"https:\\\/\\\/sintesi.cat\\\/es\\\/cuando-la-crisis-no-es-lo-que-sucede-sino-como-se-interpreta\\\/#breadcrumb\",\"itemListElement\":[{\"@type\":\"ListItem\",\"position\":1,\"name\":\"Inici\",\"item\":\"https:\\\/\\\/sintesi.cat\\\/es\\\/\"},{\"@type\":\"ListItem\",\"position\":2,\"name\":\"Cuando la crisis no es lo que sucede, sino c\u00f3mo se interpreta\"}]},{\"@type\":\"WebSite\",\"@id\":\"https:\\\/\\\/sintesi.cat\\\/es\\\/#website\",\"url\":\"https:\\\/\\\/sintesi.cat\\\/es\\\/\",\"name\":\"S\u00edntesi\",\"description\":\"Estrat\u00e8gies de comunicaci\u00f3\",\"publisher\":{\"@id\":\"https:\\\/\\\/sintesi.cat\\\/es\\\/#organization\"},\"potentialAction\":[{\"@type\":\"SearchAction\",\"target\":{\"@type\":\"EntryPoint\",\"urlTemplate\":\"https:\\\/\\\/sintesi.cat\\\/es\\\/?s={search_term_string}\"},\"query-input\":{\"@type\":\"PropertyValueSpecification\",\"valueRequired\":true,\"valueName\":\"search_term_string\"}}],\"inLanguage\":\"es\"},{\"@type\":\"Organization\",\"@id\":\"https:\\\/\\\/sintesi.cat\\\/es\\\/#organization\",\"name\":\"Estrat\u00e8gies de Comunicaci\u00f3 S\u00edntesi, SL\",\"url\":\"https:\\\/\\\/sintesi.cat\\\/es\\\/\",\"logo\":{\"@type\":\"ImageObject\",\"inLanguage\":\"es\",\"@id\":\"https:\\\/\\\/sintesi.cat\\\/es\\\/#\\\/schema\\\/logo\\\/image\\\/\",\"url\":\"https:\\\/\\\/sintesi.cat\\\/wp-content\\\/uploads\\\/2020\\\/11\\\/Sintesi_logo.png\",\"contentUrl\":\"https:\\\/\\\/sintesi.cat\\\/wp-content\\\/uploads\\\/2020\\\/11\\\/Sintesi_logo.png\",\"width\":260,\"height\":40,\"caption\":\"Estrat\u00e8gies de Comunicaci\u00f3 S\u00edntesi, SL\"},\"image\":{\"@id\":\"https:\\\/\\\/sintesi.cat\\\/es\\\/#\\\/schema\\\/logo\\\/image\\\/\"},\"sameAs\":[\"https:\\\/\\\/x.com\\\/ecsintesi\",\"https:\\\/\\\/www.linkedin.com\\\/company\\\/ec-sntesi\\\/\",\"https:\\\/\\\/www.youtube.com\\\/channel\\\/UCuC1typ0FN2dC7iQVi0p55Q\"]},{\"@type\":\"Person\",\"@id\":\"https:\\\/\\\/sintesi.cat\\\/es\\\/#\\\/schema\\\/person\\\/ff7086f6d37345aab1bfbb5b0d6ef57f\",\"name\":\"Manel Gast\u00f3\",\"image\":{\"@type\":\"ImageObject\",\"inLanguage\":\"es\",\"@id\":\"https:\\\/\\\/secure.gravatar.com\\\/avatar\\\/2764cf6980bd5dee07934ed9914995b872a33732c9aa86b0a95a3ba3b46d187d?s=96&d=mm&r=g\",\"url\":\"https:\\\/\\\/secure.gravatar.com\\\/avatar\\\/2764cf6980bd5dee07934ed9914995b872a33732c9aa86b0a95a3ba3b46d187d?s=96&d=mm&r=g\",\"contentUrl\":\"https:\\\/\\\/secure.gravatar.com\\\/avatar\\\/2764cf6980bd5dee07934ed9914995b872a33732c9aa86b0a95a3ba3b46d187d?s=96&d=mm&r=g\",\"caption\":\"Manel Gast\u00f3\"},\"url\":\"https:\\\/\\\/sintesi.cat\\\/es\\\/author\\\/manel\\\/\"}]}<\/script>\n<!-- \/ Yoast SEO plugin. -->","yoast_head_json":{"title":"Cuando la crisis no es lo que sucede, sino c\u00f3mo se interpreta - S\u00edntesi","description":"El reto es pasar de una comunicaci\u00f3n reactiva a otra interpretativa. No se trata de responder a una acusaci\u00f3n, sino de ayudar a entenderlo.","robots":{"index":"index","follow":"follow","max-snippet":"max-snippet:-1","max-image-preview":"max-image-preview:large","max-video-preview":"max-video-preview:-1"},"canonical":"https:\/\/sintesi.cat\/es\/cuando-la-crisis-no-es-lo-que-sucede-sino-como-se-interpreta\/","og_locale":"es_ES","og_type":"article","og_title":"Cuando la crisis no es lo que sucede, sino c\u00f3mo se interpreta - S\u00edntesi","og_description":"El reto es pasar de una comunicaci\u00f3n reactiva a otra interpretativa. No se trata de responder a una acusaci\u00f3n, sino de ayudar a entenderlo.","og_url":"https:\/\/sintesi.cat\/es\/cuando-la-crisis-no-es-lo-que-sucede-sino-como-se-interpreta\/","og_site_name":"S\u00edntesi","article_published_time":"2026-07-07T06:00:00+00:00","og_image":[{"width":1048,"height":590,"url":"https:\/\/sintesi.cat\/wp-content\/uploads\/2026\/07\/260707_Manel-e1783096235742.jpg","type":"image\/jpeg"}],"author":"Manel Gast\u00f3","twitter_card":"summary_large_image","twitter_creator":"@ecsintesi","twitter_site":"@ecsintesi","twitter_misc":{"Escrito por":"Manel Gast\u00f3","Tiempo de lectura":"4 minutos"},"schema":{"@context":"https:\/\/schema.org","@graph":[{"@type":"Article","@id":"https:\/\/sintesi.cat\/es\/cuando-la-crisis-no-es-lo-que-sucede-sino-como-se-interpreta\/#article","isPartOf":{"@id":"https:\/\/sintesi.cat\/es\/cuando-la-crisis-no-es-lo-que-sucede-sino-como-se-interpreta\/"},"author":{"name":"Manel Gast\u00f3","@id":"https:\/\/sintesi.cat\/es\/#\/schema\/person\/ff7086f6d37345aab1bfbb5b0d6ef57f"},"headline":"Cuando la crisis no es lo que sucede, sino c\u00f3mo se interpreta","datePublished":"2026-07-07T06:00:00+00:00","mainEntityOfPage":{"@id":"https:\/\/sintesi.cat\/es\/cuando-la-crisis-no-es-lo-que-sucede-sino-como-se-interpreta\/"},"wordCount":609,"commentCount":0,"publisher":{"@id":"https:\/\/sintesi.cat\/es\/#organization"},"image":{"@id":"https:\/\/sintesi.cat\/es\/cuando-la-crisis-no-es-lo-que-sucede-sino-como-se-interpreta\/#primaryimage"},"thumbnailUrl":"https:\/\/sintesi.cat\/wp-content\/uploads\/2026\/07\/260707_Manel-e1783096235742.jpg","keywords":["crisis","Reputaci\u00f3n","Vene\u00e7uela","Venezuela"],"articleSection":["Blog","Comunicaci\u00f3n","General"],"inLanguage":"es","potentialAction":[{"@type":"CommentAction","name":"Comment","target":["https:\/\/sintesi.cat\/es\/cuando-la-crisis-no-es-lo-que-sucede-sino-como-se-interpreta\/#respond"]}]},{"@type":"WebPage","@id":"https:\/\/sintesi.cat\/es\/cuando-la-crisis-no-es-lo-que-sucede-sino-como-se-interpreta\/","url":"https:\/\/sintesi.cat\/es\/cuando-la-crisis-no-es-lo-que-sucede-sino-como-se-interpreta\/","name":"Cuando la crisis no es lo que sucede, sino c\u00f3mo se interpreta - S\u00edntesi","isPartOf":{"@id":"https:\/\/sintesi.cat\/es\/#website"},"primaryImageOfPage":{"@id":"https:\/\/sintesi.cat\/es\/cuando-la-crisis-no-es-lo-que-sucede-sino-como-se-interpreta\/#primaryimage"},"image":{"@id":"https:\/\/sintesi.cat\/es\/cuando-la-crisis-no-es-lo-que-sucede-sino-como-se-interpreta\/#primaryimage"},"thumbnailUrl":"https:\/\/sintesi.cat\/wp-content\/uploads\/2026\/07\/260707_Manel-e1783096235742.jpg","datePublished":"2026-07-07T06:00:00+00:00","description":"El reto es pasar de una comunicaci\u00f3n reactiva a otra interpretativa. No se trata de responder a una acusaci\u00f3n, sino de ayudar a entenderlo.","breadcrumb":{"@id":"https:\/\/sintesi.cat\/es\/cuando-la-crisis-no-es-lo-que-sucede-sino-como-se-interpreta\/#breadcrumb"},"inLanguage":"es","potentialAction":[{"@type":"ReadAction","target":["https:\/\/sintesi.cat\/es\/cuando-la-crisis-no-es-lo-que-sucede-sino-como-se-interpreta\/"]}]},{"@type":"ImageObject","inLanguage":"es","@id":"https:\/\/sintesi.cat\/es\/cuando-la-crisis-no-es-lo-que-sucede-sino-como-se-interpreta\/#primaryimage","url":"https:\/\/sintesi.cat\/wp-content\/uploads\/2026\/07\/260707_Manel-e1783096235742.jpg","contentUrl":"https:\/\/sintesi.cat\/wp-content\/uploads\/2026\/07\/260707_Manel-e1783096235742.jpg","width":1048,"height":590},{"@type":"BreadcrumbList","@id":"https:\/\/sintesi.cat\/es\/cuando-la-crisis-no-es-lo-que-sucede-sino-como-se-interpreta\/#breadcrumb","itemListElement":[{"@type":"ListItem","position":1,"name":"Inici","item":"https:\/\/sintesi.cat\/es\/"},{"@type":"ListItem","position":2,"name":"Cuando la crisis no es lo que sucede, sino c\u00f3mo se interpreta"}]},{"@type":"WebSite","@id":"https:\/\/sintesi.cat\/es\/#website","url":"https:\/\/sintesi.cat\/es\/","name":"S\u00edntesi","description":"Estrat\u00e8gies de comunicaci\u00f3","publisher":{"@id":"https:\/\/sintesi.cat\/es\/#organization"},"potentialAction":[{"@type":"SearchAction","target":{"@type":"EntryPoint","urlTemplate":"https:\/\/sintesi.cat\/es\/?s={search_term_string}"},"query-input":{"@type":"PropertyValueSpecification","valueRequired":true,"valueName":"search_term_string"}}],"inLanguage":"es"},{"@type":"Organization","@id":"https:\/\/sintesi.cat\/es\/#organization","name":"Estrat\u00e8gies de Comunicaci\u00f3 S\u00edntesi, SL","url":"https:\/\/sintesi.cat\/es\/","logo":{"@type":"ImageObject","inLanguage":"es","@id":"https:\/\/sintesi.cat\/es\/#\/schema\/logo\/image\/","url":"https:\/\/sintesi.cat\/wp-content\/uploads\/2020\/11\/Sintesi_logo.png","contentUrl":"https:\/\/sintesi.cat\/wp-content\/uploads\/2020\/11\/Sintesi_logo.png","width":260,"height":40,"caption":"Estrat\u00e8gies de Comunicaci\u00f3 S\u00edntesi, SL"},"image":{"@id":"https:\/\/sintesi.cat\/es\/#\/schema\/logo\/image\/"},"sameAs":["https:\/\/x.com\/ecsintesi","https:\/\/www.linkedin.com\/company\/ec-sntesi\/","https:\/\/www.youtube.com\/channel\/UCuC1typ0FN2dC7iQVi0p55Q"]},{"@type":"Person","@id":"https:\/\/sintesi.cat\/es\/#\/schema\/person\/ff7086f6d37345aab1bfbb5b0d6ef57f","name":"Manel Gast\u00f3","image":{"@type":"ImageObject","inLanguage":"es","@id":"https:\/\/secure.gravatar.com\/avatar\/2764cf6980bd5dee07934ed9914995b872a33732c9aa86b0a95a3ba3b46d187d?s=96&d=mm&r=g","url":"https:\/\/secure.gravatar.com\/avatar\/2764cf6980bd5dee07934ed9914995b872a33732c9aa86b0a95a3ba3b46d187d?s=96&d=mm&r=g","contentUrl":"https:\/\/secure.gravatar.com\/avatar\/2764cf6980bd5dee07934ed9914995b872a33732c9aa86b0a95a3ba3b46d187d?s=96&d=mm&r=g","caption":"Manel Gast\u00f3"},"url":"https:\/\/sintesi.cat\/es\/author\/manel\/"}]}},"_links":{"self":[{"href":"https:\/\/sintesi.cat\/es\/wp-json\/wp\/v2\/posts\/11811","targetHints":{"allow":["GET"]}}],"collection":[{"href":"https:\/\/sintesi.cat\/es\/wp-json\/wp\/v2\/posts"}],"about":[{"href":"https:\/\/sintesi.cat\/es\/wp-json\/wp\/v2\/types\/post"}],"author":[{"embeddable":true,"href":"https:\/\/sintesi.cat\/es\/wp-json\/wp\/v2\/users\/18"}],"replies":[{"embeddable":true,"href":"https:\/\/sintesi.cat\/es\/wp-json\/wp\/v2\/comments?post=11811"}],"version-history":[{"count":4,"href":"https:\/\/sintesi.cat\/es\/wp-json\/wp\/v2\/posts\/11811\/revisions"}],"predecessor-version":[{"id":11821,"href":"https:\/\/sintesi.cat\/es\/wp-json\/wp\/v2\/posts\/11811\/revisions\/11821"}],"wp:featuredmedia":[{"embeddable":true,"href":"https:\/\/sintesi.cat\/es\/wp-json\/wp\/v2\/media\/11806"}],"wp:attachment":[{"href":"https:\/\/sintesi.cat\/es\/wp-json\/wp\/v2\/media?parent=11811"}],"wp:term":[{"taxonomy":"category","embeddable":true,"href":"https:\/\/sintesi.cat\/es\/wp-json\/wp\/v2\/categories?post=11811"},{"taxonomy":"post_tag","embeddable":true,"href":"https:\/\/sintesi.cat\/es\/wp-json\/wp\/v2\/tags?post=11811"}],"curies":[{"name":"wp","href":"https:\/\/api.w.org\/{rel}","templated":true}]}}